{"id":844,"date":"2025-10-10T01:03:31","date_gmt":"2025-10-10T01:03:31","guid":{"rendered":"https:\/\/trabajadoresenred.es\/?p=844"},"modified":"2025-10-10T01:06:25","modified_gmt":"2025-10-10T01:06:25","slug":"organizate-lucha-mejora-2","status":"publish","type":"post","link":"https:\/\/trabajadoresenred.es\/index.php\/2025\/10\/10\/organizate-lucha-mejora-2\/","title":{"rendered":"ORGAN\u00cdZATE. LUCHA. MEJORA"},"content":{"rendered":"\n<p>Cuando nos organizamos, cambiamos las reglas del juego.<\/p>\n\n\n\n<p>Creemos en hacer las cosas <strong>CON la gente, no POR la gente.<\/strong> Nuestra fuerza est\u00e1 en la transparencia, en la solidaridad y en la capacidad de organizarnos para cambiar lo que no funciona.<\/p>\n\n\n\n<p>Cada voz cuenta, cada esfuerzo suma. En Trabajadores en Red <strong>defendemos derechos, pero tambi\u00e9n construimos comunidad<\/strong>. Nos cuidamos, nos informamos y actuamos juntos, sin jerarqu\u00edas ni intereses ajenos. Si sientes que tu voz no se escucha, \u00fanete y act\u00faa con otras personas en la misma situaci\u00f3n.<\/p>\n\n\n\n<p><strong>Cuando nos movemos y decidimos es cuando transformamos<\/strong>. No hemos venido a calentar la silla.<\/p>\n\n\n\n<figure class=\"wp-block-image size-large\"><img loading=\"lazy\" decoding=\"async\" width=\"1024\" height=\"705\" src=\"https:\/\/trabajadoresenred.es\/wp-content\/uploads\/2025\/10\/1000100320-1-1024x705.jpg\" alt=\"\" class=\"wp-image-845\" srcset=\"https:\/\/trabajadoresenred.es\/wp-content\/uploads\/2025\/10\/1000100320-1-1024x705.jpg 1024w, https:\/\/trabajadoresenred.es\/wp-content\/uploads\/2025\/10\/1000100320-1-300x206.jpg 300w, https:\/\/trabajadoresenred.es\/wp-content\/uploads\/2025\/10\/1000100320-1-768x528.jpg 768w, https:\/\/trabajadoresenred.es\/wp-content\/uploads\/2025\/10\/1000100320-1.jpg 1417w\" sizes=\"auto, (max-width: 1024px) 100vw, 1024px\" \/><\/figure>\n","protected":false},"excerpt":{"rendered":"<p>Cuando nos organizamos, cambiamos las reglas del juego. Creemos en hacer las cosas CON la gente, no POR la gente. Nuestra fuerza est\u00e1 en la transparencia, en la solidaridad y en la capacidad de organizarnos para cambiar lo que no funciona. Cada voz cuenta, cada esfuerzo suma. En Trabajadores en Red defendemos derechos, pero tambi\u00e9n [&hellip;]<\/p>\n","protected":false},"author":102,"featured_media":845,"comment_status":"open","ping_status":"open","sticky":false,"template":"","format":"standard","meta":{"_jetpack_memberships_contains_paid_content":false,"footnotes":"","jetpack_publicize_message":"","jetpack_publicize_feature_enabled":true,"jetpack_social_post_already_shared":true,"jetpack_social_options":{"image_generator_settings":{"template":"highway","default_image_id":0,"font":"","enabled":false},"version":2}},"categories":[1],"tags":[],"class_list":["post-844","post","type-post","status-publish","format-standard","has-post-thumbnail","hentry","category-sin-categoria"],"aioseo_notices":[],"jetpack_publicize_connections":[],"jetpack_featured_media_url":"https:\/\/trabajadoresenred.es\/wp-content\/uploads\/2025\/10\/1000100320-1.jpg","jetpack_sharing_enabled":true,"_links":{"self":[{"href":"https:\/\/trabajadoresenred.es\/index.php\/wp-json\/wp\/v2\/posts\/844","targetHints":{"allow":["GET"]}}],"collection":[{"href":"https:\/\/trabajadoresenred.es\/index.php\/wp-json\/wp\/v2\/posts"}],"about":[{"href":"https:\/\/trabajadoresenred.es\/index.php\/wp-json\/wp\/v2\/types\/post"}],"author":[{"embeddable":true,"href":"https:\/\/trabajadoresenred.es\/index.php\/wp-json\/wp\/v2\/users\/102"}],"replies":[{"embeddable":true,"href":"https:\/\/trabajadoresenred.es\/index.php\/wp-json\/wp\/v2\/comments?post=844"}],"version-history":[{"count":2,"href":"https:\/\/trabajadoresenred.es\/index.php\/wp-json\/wp\/v2\/posts\/844\/revisions"}],"predecessor-version":[{"id":848,"href":"https:\/\/trabajadoresenred.es\/index.php\/wp-json\/wp\/v2\/posts\/844\/revisions\/848"}],"wp:featuredmedia":[{"embeddable":true,"href":"https:\/\/trabajadoresenred.es\/index.php\/wp-json\/wp\/v2\/media\/845"}],"wp:attachment":[{"href":"https:\/\/trabajadoresenred.es\/index.php\/wp-json\/wp\/v2\/media?parent=844"}],"wp:term":[{"taxonomy":"category","embeddable":true,"href":"https:\/\/trabajadoresenred.es\/index.php\/wp-json\/wp\/v2\/categories?post=844"},{"taxonomy":"post_tag","embeddable":true,"href":"https:\/\/trabajadoresenred.es\/index.php\/wp-json\/wp\/v2\/tags?post=844"}],"curies":[{"name":"wp","href":"https:\/\/api.w.org\/{rel}","templated":true}]}}